{"id":8571,"date":"2015-04-15T15:20:08","date_gmt":"2015-04-15T15:20:08","guid":{"rendered":"https:\/\/www.mangoes-and-bullets.org\/on-the-trail-of-thomas-sankara\/"},"modified":"2015-04-15T15:20:08","modified_gmt":"2015-04-15T15:20:08","slug":"on-the-trail-of-thomas-sankara","status":"publish","type":"post","link":"https:\/\/www.mangoes-and-bullets.org\/en\/on-the-trail-of-thomas-sankara\/","title":{"rendered":"On the trail of Thomas Sankara"},"content":{"rendered":"<div class=\"lyte-wrapper\" style=\"width:1280px;max-width:100%;margin:5px auto;\"><div class=\"lyMe hidef\" id=\"WYL_NruTPGFQ0LQ\"><div id=\"lyte_NruTPGFQ0LQ\" data-src=\"https:\/\/www.mangoes-and-bullets.org\/wp-content\/plugins\/wp-youtube-lyte\/lyteCache.php?origThumbUrl=%2F%2Fi.ytimg.com%2Fvi%2FNruTPGFQ0LQ%2Fhqdefault.jpg\" class=\"pL\"><div class=\"tC\"><div class=\"tT\"><\/div><\/div><div class=\"play\"><\/div><div class=\"ctrl\"><div class=\"Lctrl\"><\/div><div class=\"Rctrl\"><\/div><\/div><\/div><noscript><a href=\"https:\/\/youtu.be\/NruTPGFQ0LQ\" rel=\"nofollow\"><img loading=\"lazy\" decoding=\"async\" src=\"https:\/\/www.mangoes-and-bullets.org\/wp-content\/plugins\/wp-youtube-lyte\/lyteCache.php?origThumbUrl=https%3A%2F%2Fi.ytimg.com%2Fvi%2FNruTPGFQ0LQ%2F0.jpg\" alt=\"YouTube video thumbnail\" width=\"1280\" height=\"700\" \/><br \/>Watch this video on YouTube<\/a><\/noscript><\/div><\/div><div class=\"lL\" style=\"max-width:100%;width:1280px;margin:5px auto;\"><\/div><\/p>\n<p>&#8220;&#8216;Auf den Spuren von Thomas Sankara&#8217; widmet sich der Person, seinem Lebensweg und seinen Visionen. Thomas Isidore No\u00ebl Sankara wird am 21.12.1949 in dem kleinen, vornehmlich muslimischen Dorf Yako geboren und verbringt seine Kindheit in Gaoua im S\u00fcden Obervoltas, wie Burkina Faso vorher hie\u00df. Streng katholisch erzogen und von klein auf mit gro\u00dfem Charisma ausgestattet, wird er eher aufgrund \u00e4usserer Umst\u00e4nde Soldat.<br \/>\nSein marxistisch-leninistischer Geschichtslehrer und seine Milit\u00e4rausbildung in Madagaskar, wo er mit jungen, linken Milit\u00e4rs in Kontakt kommt, pr\u00e4gen ihn nachhaltig. Als er am 4. August 1983 auf der Welle einer Volkserhebung die Macht \u00fcbernimmt, ist er im Land aufgrund seiner klaren und revolution\u00e4ren Positionierungen bereits die popul\u00e4rste politische Figur, vor allem bei der Jugend. \u201eAuf den Spuren von Thomas Sankara&#8221; ist ein reichhaltiges, intimes Portrait des Mannes hinter der Ikone. Zwischen 2008 und 2011 entstanden und in Burkina Faso, Frankreich und Senegal gedreht, sind diese Filme eine Hommage an den Vision\u00e4r und Revolution\u00e4r Sankara und geben Weggef\u00e4hrten, Zeitzeugen aber auch jungen Aktivist\/innen den angemessenen Raum, \u00fcber den Mann zu sprechen, der &#8216;den Burkiner\/innen ihre W\u00fcrde und Selbstachtung wiedergegeben hat&#8217;.&#8221; (aus der youtube Beschreibung)<\/p>\n<p>Auf den Spuren von Thomas Sankara | Kollektiv Baraka | Burkina Faso, Senegal, Mali, Frankreich | 2011 | Franz\u00f6sisch mit dt. UT | Dokumentarfilm | 163 min. (Teil 1+2 auf youtube)<\/p>\n","protected":false},"excerpt":{"rendered":"<p>Watch this video on YouTube &#8220;&#8216;Auf den Spuren von Thomas Sankara&#8217; widmet sich der Person, seinem Lebensweg und seinen Visionen. Thomas Isidore No\u00ebl Sankara wird am 21.12.1949 in dem kleinen, vornehmlich muslimischen Dorf Yako geboren und verbringt seine Kindheit in Gaoua im S\u00fcden Obervoltas, wie Burkina Faso vorher hie\u00df. Streng katholisch erzogen und von klein<\/p>\n","protected":false},"author":2,"featured_media":7168,"comment_status":"closed","ping_status":"closed","sticky":false,"template":"","format":"standard","meta":{"_uag_custom_page_level_css":"","footnotes":""},"categories":[417,358,413],"tags":[393,357,394,391],"class_list":{"0":"post-8571","1":"post","2":"type-post","3":"status-publish","4":"format-standard","5":"has-post-thumbnail","7":"category-biographies","8":"category-movies","9":"category-videos-en","10":"tag-africa","11":"tag-colonialism","12":"tag-decolonization","13":"tag-resistance"},"uagb_featured_image_src":{"full":["https:\/\/www.mangoes-and-bullets.org\/wp-content\/uploads\/2015\/04\/auf-den-spuren-von-thomas-sankar.jpg",1024,576,false],"thumbnail":["https:\/\/www.mangoes-and-bullets.org\/wp-content\/uploads\/2015\/04\/auf-den-spuren-von-thomas-sankar-150x150.jpg",150,150,true],"medium":["https:\/\/www.mangoes-and-bullets.org\/wp-content\/uploads\/2015\/04\/auf-den-spuren-von-thomas-sankar-300x169.jpg",300,169,true],"medium_large":["https:\/\/www.mangoes-and-bullets.org\/wp-content\/uploads\/2015\/04\/auf-den-spuren-von-thomas-sankar.jpg",768,432,false],"large":["https:\/\/www.mangoes-and-bullets.org\/wp-content\/uploads\/2015\/04\/auf-den-spuren-von-thomas-sankar-1024x576.jpg",919,517,true],"1536x1536":["https:\/\/www.mangoes-and-bullets.org\/wp-content\/uploads\/2015\/04\/auf-den-spuren-von-thomas-sankar.jpg",1024,576,false],"2048x2048":["https:\/\/www.mangoes-and-bullets.org\/wp-content\/uploads\/2015\/04\/auf-den-spuren-von-thomas-sankar.jpg",1024,576,false],"bunyad-small":["https:\/\/www.mangoes-and-bullets.org\/wp-content\/uploads\/2015\/04\/auf-den-spuren-von-thomas-sankar.jpg",150,84,false],"bunyad-medium":["https:\/\/www.mangoes-and-bullets.org\/wp-content\/uploads\/2015\/04\/auf-den-spuren-von-thomas-sankar.jpg",450,253,false],"bunyad-full":["https:\/\/www.mangoes-and-bullets.org\/wp-content\/uploads\/2015\/04\/auf-den-spuren-von-thomas-sankar.jpg",1024,576,false],"bunyad-viewport":["https:\/\/www.mangoes-and-bullets.org\/wp-content\/uploads\/2015\/04\/auf-den-spuren-von-thomas-sankar.jpg",1024,576,false],"bunyad-768":["https:\/\/www.mangoes-and-bullets.org\/wp-content\/uploads\/2015\/04\/auf-den-spuren-von-thomas-sankar.jpg",768,432,false]},"uagb_author_info":{"display_name":"glokal e.V.","author_link":"https:\/\/www.mangoes-and-bullets.org\/en\/author\/glokal\/"},"uagb_comment_info":0,"uagb_excerpt":"Watch this video on YouTube &#8220;&#8216;Auf den Spuren von Thomas Sankara&#8217; widmet sich der Person, seinem Lebensweg und seinen Visionen. Thomas Isidore No\u00ebl Sankara wird am 21.12.1949 in dem kleinen, vornehmlich muslimischen Dorf Yako geboren und verbringt seine Kindheit in Gaoua im S\u00fcden Obervoltas, wie Burkina Faso vorher hie\u00df. Streng katholisch erzogen und von klein","_links":{"self":[{"href":"https:\/\/www.mangoes-and-bullets.org\/en\/wp-json\/wp\/v2\/posts\/8571","targetHints":{"allow":["GET"]}}],"collection":[{"href":"https:\/\/www.mangoes-and-bullets.org\/en\/wp-json\/wp\/v2\/posts"}],"about":[{"href":"https:\/\/www.mangoes-and-bullets.org\/en\/wp-json\/wp\/v2\/types\/post"}],"author":[{"embeddable":true,"href":"https:\/\/www.mangoes-and-bullets.org\/en\/wp-json\/wp\/v2\/users\/2"}],"replies":[{"embeddable":true,"href":"https:\/\/www.mangoes-and-bullets.org\/en\/wp-json\/wp\/v2\/comments?post=8571"}],"version-history":[{"count":0,"href":"https:\/\/www.mangoes-and-bullets.org\/en\/wp-json\/wp\/v2\/posts\/8571\/revisions"}],"wp:featuredmedia":[{"embeddable":true,"href":"https:\/\/www.mangoes-and-bullets.org\/en\/wp-json\/wp\/v2\/media\/7168"}],"wp:attachment":[{"href":"https:\/\/www.mangoes-and-bullets.org\/en\/wp-json\/wp\/v2\/media?parent=8571"}],"wp:term":[{"taxonomy":"category","embeddable":true,"href":"https:\/\/www.mangoes-and-bullets.org\/en\/wp-json\/wp\/v2\/categories?post=8571"},{"taxonomy":"post_tag","embeddable":true,"href":"https:\/\/www.mangoes-and-bullets.org\/en\/wp-json\/wp\/v2\/tags?post=8571"}],"curies":[{"name":"wp","href":"https:\/\/api.w.org\/{rel}","templated":true}]}}